{"id":1985,"date":"2017-02-20T07:45:58","date_gmt":"2017-02-20T06:45:58","guid":{"rendered":"http:\/\/www.manda-motorhome-tours.com\/?p=1985"},"modified":"2017-02-20T19:38:32","modified_gmt":"2017-02-20T18:38:32","slug":"spent-night-aire-gravelines-way-nec","status":"publish","type":"post","link":"https:\/\/manda-motorhome-tours.com\/de\/2017\/02\/20\/spent-night-aire-gravelines-way-nec\/","title":{"rendered":"Spent the night at Aire in Gravelines on the way to NEC"},"content":{"rendered":"<p><a href=\"https:\/\/i0.wp.com\/manda-motorhome-tours.com\/wp-content\/uploads\/2017\/02\/IMG_3633.jpg?ssl=1\"><img data-recalc-dims=\"1\" loading=\"lazy\" decoding=\"async\" data-attachment-id=\"1983\" data-permalink=\"https:\/\/manda-motorhome-tours.com\/de\/2017\/02\/20\/spent-night-aire-gravelines-way-nec\/img_3633\/\" data-orig-file=\"https:\/\/i0.wp.com\/manda-motorhome-tours.com\/wp-content\/uploads\/2017\/02\/IMG_3633.jpg?fit=2048%2C1536&amp;ssl=1\" data-orig-size=\"2048,1536\" data-comments-opened=\"1\" data-image-meta=\"{&quot;aperture&quot;:&quot;0&quot;,&quot;credit&quot;:&quot;&quot;,&quot;camera&quot;:&quot;&quot;,&quot;caption&quot;:&quot;&quot;,&quot;created_timestamp&quot;:&quot;0&quot;,&quot;copyright&quot;:&quot;&quot;,&quot;focal_length&quot;:&quot;0&quot;,&quot;iso&quot;:&quot;0&quot;,&quot;shutter_speed&quot;:&quot;0&quot;,&quot;title&quot;:&quot;&quot;,&quot;orientation&quot;:&quot;0&quot;}\" data-image-title=\"Aire in Gravelines on the way to Calais port\" data-image-description=\"\" data-image-caption=\"\" data-large-file=\"https:\/\/i0.wp.com\/manda-motorhome-tours.com\/wp-content\/uploads\/2017\/02\/IMG_3633.jpg?fit=1024%2C768&amp;ssl=1\" class=\"aligncenter size-large wp-image-1983\" src=\"https:\/\/i0.wp.com\/manda-motorhome-tours.com\/wp-content\/uploads\/2017\/02\/IMG_3633.jpg?resize=640%2C480&#038;ssl=1\" alt=\"Aire in Gravelines on the way to Calais port\" width=\"640\" height=\"480\" srcset=\"https:\/\/i0.wp.com\/manda-motorhome-tours.com\/wp-content\/uploads\/2017\/02\/IMG_3633.jpg?resize=1024%2C768&amp;ssl=1 1024w, https:\/\/i0.wp.com\/manda-motorhome-tours.com\/wp-content\/uploads\/2017\/02\/IMG_3633.jpg?resize=300%2C225&amp;ssl=1 300w, https:\/\/i0.wp.com\/manda-motorhome-tours.com\/wp-content\/uploads\/2017\/02\/IMG_3633.jpg?resize=768%2C576&amp;ssl=1 768w, https:\/\/i0.wp.com\/manda-motorhome-tours.com\/wp-content\/uploads\/2017\/02\/IMG_3633.jpg?resize=285%2C214&amp;ssl=1 285w, https:\/\/i0.wp.com\/manda-motorhome-tours.com\/wp-content\/uploads\/2017\/02\/IMG_3633.jpg?w=2048&amp;ssl=1 2048w\" sizes=\"auto, (max-width: 640px) 100vw, 640px\" \/><\/a><\/p>\n<h3>Spent the night at the Aire in Gravelines on the way to the NEC<\/h3>\n<p>The perfectly located Aire in Calais at the seaside has been closed and a new one is going to be built about 1 km away. Looks very practical\u00a0with several dumping stations but not such a nice location as the old one. It seems to be finished soon! We will keep you posted.<\/p>\n<p>The Aire in Gravelines is nicely located at the yacht port in walking distance from the town centre. The dumping station is very good, but a short drive away from the Aire.<\/p>\n<p><a href=\"https:\/\/i0.wp.com\/manda-motorhome-tours.com\/wp-content\/uploads\/2017\/02\/IMG_3631.jpg?ssl=1\"><img data-recalc-dims=\"1\" loading=\"lazy\" decoding=\"async\" data-attachment-id=\"1982\" data-permalink=\"https:\/\/manda-motorhome-tours.com\/de\/2017\/02\/20\/spent-night-aire-gravelines-way-nec\/img_3631\/\" data-orig-file=\"https:\/\/i0.wp.com\/manda-motorhome-tours.com\/wp-content\/uploads\/2017\/02\/IMG_3631.jpg?fit=2048%2C1536&amp;ssl=1\" data-orig-size=\"2048,1536\" data-comments-opened=\"1\" data-image-meta=\"{&quot;aperture&quot;:&quot;0&quot;,&quot;credit&quot;:&quot;&quot;,&quot;camera&quot;:&quot;&quot;,&quot;caption&quot;:&quot;&quot;,&quot;created_timestamp&quot;:&quot;0&quot;,&quot;copyright&quot;:&quot;&quot;,&quot;focal_length&quot;:&quot;0&quot;,&quot;iso&quot;:&quot;0&quot;,&quot;shutter_speed&quot;:&quot;0&quot;,&quot;title&quot;:&quot;&quot;,&quot;orientation&quot;:&quot;0&quot;}\" data-image-title=\"Aire in Gravelines on the way to Calais\" data-image-description=\"\" data-image-caption=\"\" data-large-file=\"https:\/\/i0.wp.com\/manda-motorhome-tours.com\/wp-content\/uploads\/2017\/02\/IMG_3631.jpg?fit=1024%2C768&amp;ssl=1\" class=\"aligncenter size-large wp-image-1982\" src=\"https:\/\/i0.wp.com\/manda-motorhome-tours.com\/wp-content\/uploads\/2017\/02\/IMG_3631.jpg?resize=640%2C480&#038;ssl=1\" alt=\"Aire in Gravelines on the way to Calais\" width=\"640\" height=\"480\" srcset=\"https:\/\/i0.wp.com\/manda-motorhome-tours.com\/wp-content\/uploads\/2017\/02\/IMG_3631.jpg?resize=1024%2C768&amp;ssl=1 1024w, https:\/\/i0.wp.com\/manda-motorhome-tours.com\/wp-content\/uploads\/2017\/02\/IMG_3631.jpg?resize=300%2C225&amp;ssl=1 300w, https:\/\/i0.wp.com\/manda-motorhome-tours.com\/wp-content\/uploads\/2017\/02\/IMG_3631.jpg?resize=768%2C576&amp;ssl=1 768w, https:\/\/i0.wp.com\/manda-motorhome-tours.com\/wp-content\/uploads\/2017\/02\/IMG_3631.jpg?resize=285%2C214&amp;ssl=1 285w, https:\/\/i0.wp.com\/manda-motorhome-tours.com\/wp-content\/uploads\/2017\/02\/IMG_3631.jpg?w=2048&amp;ssl=1 2048w\" sizes=\"auto, (max-width: 640px) 100vw, 640px\" \/><\/a><\/p>\n","protected":false},"excerpt":{"rendered":"<p>Spent the night at the Aire in Gravelines on the way to the NEC The perfectly located Aire in Calais at the seaside has been closed and a new one is going to be built about 1 km away. Looks very practical\u00a0with several dumping stations but not such a nice location as the old one.&hellip;&nbsp;<a href=\"https:\/\/manda-motorhome-tours.com\/de\/2017\/02\/20\/spent-night-aire-gravelines-way-nec\/\" rel=\"bookmark\">Weiterlesen &raquo;<span class=\"screen-reader-text\">Spent the night at Aire in Gravelines on the way to NEC<\/span><\/a><\/p>\n","protected":false},"author":1,"featured_media":1983,"comment_status":"closed","ping_status":"closed","sticky":false,"template":"","format":"standard","meta":{"neve_meta_sidebar":"","neve_meta_container":"","neve_meta_enable_content_width":"","neve_meta_content_width":0,"neve_meta_title_alignment":"","neve_meta_author_avatar":"","neve_post_elements_order":"","neve_meta_disable_header":"","neve_meta_disable_footer":"","neve_meta_disable_title":"","jetpack_post_was_ever_published":false,"_jetpack_newsletter_access":"","_jetpack_dont_email_post_to_subs":true,"_jetpack_newsletter_tier_id":0,"_jetpack_memberships_contains_paywalled_content":false,"_jetpack_memberships_contains_paid_content":false,"footnotes":"","jetpack_publicize_message":"","jetpack_publicize_feature_enabled":true,"jetpack_social_post_already_shared":true,"jetpack_social_options":{"image_generator_settings":{"template":"highway","default_image_id":0,"font":"","enabled":false},"version":2}},"categories":[7],"tags":[16,81,18,15,13,17,12,37],"class_list":["post-1985","post","type-post","status-publish","format-standard","has-post-thumbnail","hentry","category-motorhome-shows","tag-accompanied-motorhome-tours","tag-aire-gravelines","tag-begleitete-wohnmobilreisen","tag-escorted-motorhome-tours","tag-european-motorhome-tours","tag-gefuehrte-wohnmobilreisen","tag-manda-tours","tag-motorhome-show"],"translation":{"provider":"WPGlobus","version":"3.0.2","language":"de","enabled_languages":["en","de"],"languages":{"en":{"title":true,"content":true,"excerpt":false},"de":{"title":false,"content":false,"excerpt":false}}},"yoast_head":"<!-- This site is optimized with the Yoast SEO plugin v27.3 - https:\/\/yoast.com\/product\/yoast-seo-wordpress\/ -->\n<title>Spent the night at the Aire in Gravelines on the way to the NEC<\/title>\n<meta name=\"robots\" content=\"index, follow, max-snippet:-1, max-image-preview:large, max-video-preview:-1\" \/>\n<link rel=\"canonical\" href=\"https:\/\/manda-motorhome-tours.com\/de\/2017\/02\/20\/spent-night-aire-gravelines-way-nec\/\" \/>\n<meta property=\"og:locale\" content=\"de_DE\" \/>\n<meta property=\"og:type\" content=\"article\" \/>\n<meta property=\"og:title\" content=\"Spent the night at Aire in Gravelines on the way to NEC - MandA Tours - Gef\u00fchrte Wohnmobil Reisen\" \/>\n<meta property=\"og:url\" content=\"https:\/\/manda-motorhome-tours.com\/de\/2017\/02\/20\/spent-night-aire-gravelines-way-nec\/\" \/>\n<meta property=\"og:site_name\" content=\"MandA Tours - Gef\u00fchrte Wohnmobil Reisen\" \/>\n<meta property=\"article:publisher\" content=\"https:\/\/www.facebook.com\/MandAMotorhomeTours\/\" \/>\n<meta property=\"article:published_time\" content=\"2017-02-20T06:45:58+00:00\" \/>\n<meta property=\"article:modified_time\" content=\"2017-02-20T18:38:32+00:00\" \/>\n<meta property=\"og:image\" content=\"https:\/\/i1.wp.com\/manda-motorhome-tours.com\/wp-content\/uploads\/2017\/02\/IMG_3633.jpg?fit=2048%2C1536&ssl=1\" \/>\n\t<meta property=\"og:image:width\" content=\"2048\" \/>\n\t<meta property=\"og:image:height\" content=\"1536\" \/>\n\t<meta property=\"og:image:type\" content=\"image\/jpeg\" \/>\n<meta name=\"author\" content=\"admin\" \/>\n<meta name=\"twitter:card\" content=\"summary_large_image\" \/>\n<meta name=\"twitter:label1\" content=\"Verfasst von\" \/>\n\t<meta name=\"twitter:data1\" content=\"admin\" \/>\n<script type=\"application\/ld+json\" class=\"yoast-schema-graph\">{\"@context\":\"https:\\\/\\\/schema.org\",\"@graph\":[{\"@type\":\"Article\",\"@id\":\"https:\\\/\\\/manda-motorhome-tours.com\\\/de\\\/2017\\\/02\\\/20\\\/spent-night-aire-gravelines-way-nec\\\/#article\",\"isPartOf\":{\"@id\":\"https:\\\/\\\/manda-motorhome-tours.com\\\/de\\\/2017\\\/02\\\/20\\\/spent-night-aire-gravelines-way-nec\\\/\"},\"author\":{\"name\":\"admin\",\"@id\":\"https:\\\/\\\/manda-motorhome-tours.com\\\/#\\\/schema\\\/person\\\/b6a90b75b0b836bbae1c25b489d16a72\"},\"headline\":\"Spent the night at Aire in Gravelines on the way to NEC\",\"datePublished\":\"2017-02-20T06:45:58+00:00\",\"dateModified\":\"2017-02-20T18:38:32+00:00\",\"mainEntityOfPage\":{\"@id\":\"https:\\\/\\\/manda-motorhome-tours.com\\\/de\\\/2017\\\/02\\\/20\\\/spent-night-aire-gravelines-way-nec\\\/\"},\"wordCount\":110,\"publisher\":{\"@id\":\"https:\\\/\\\/manda-motorhome-tours.com\\\/#organization\"},\"image\":{\"@id\":\"https:\\\/\\\/manda-motorhome-tours.com\\\/de\\\/2017\\\/02\\\/20\\\/spent-night-aire-gravelines-way-nec\\\/#primaryimage\"},\"thumbnailUrl\":\"https:\\\/\\\/i0.wp.com\\\/manda-motorhome-tours.com\\\/wp-content\\\/uploads\\\/2017\\\/02\\\/IMG_3633.jpg?fit=2048%2C1536&ssl=1\",\"keywords\":[\"Accompanied Motorhome Tours\",\"Aire Gravelines\",\"Begleitete Wohnmobilreisen\",\"Escorted motorhome tours\",\"European Motorhome Tours\",\"Gef\u00fchrte Wohnmobilreisen\",\"MandA Tours\",\"Motorhome Show\"],\"articleSection\":[\"Motorhome Shows\"],\"inLanguage\":\"de\"},{\"@type\":\"WebPage\",\"@id\":\"https:\\\/\\\/manda-motorhome-tours.com\\\/de\\\/2017\\\/02\\\/20\\\/spent-night-aire-gravelines-way-nec\\\/\",\"url\":\"https:\\\/\\\/manda-motorhome-tours.com\\\/de\\\/2017\\\/02\\\/20\\\/spent-night-aire-gravelines-way-nec\\\/\",\"name\":\"Spent the night at the Aire in Gravelines on the way to the NEC\",\"isPartOf\":{\"@id\":\"https:\\\/\\\/manda-motorhome-tours.com\\\/#website\"},\"primaryImageOfPage\":{\"@id\":\"https:\\\/\\\/manda-motorhome-tours.com\\\/de\\\/2017\\\/02\\\/20\\\/spent-night-aire-gravelines-way-nec\\\/#primaryimage\"},\"image\":{\"@id\":\"https:\\\/\\\/manda-motorhome-tours.com\\\/de\\\/2017\\\/02\\\/20\\\/spent-night-aire-gravelines-way-nec\\\/#primaryimage\"},\"thumbnailUrl\":\"https:\\\/\\\/i0.wp.com\\\/manda-motorhome-tours.com\\\/wp-content\\\/uploads\\\/2017\\\/02\\\/IMG_3633.jpg?fit=2048%2C1536&ssl=1\",\"datePublished\":\"2017-02-20T06:45:58+00:00\",\"dateModified\":\"2017-02-20T18:38:32+00:00\",\"description\":\"The Aire in Gravelines is nicely located at the yacht port in walking distance from the town centre.\",\"breadcrumb\":{\"@id\":\"https:\\\/\\\/manda-motorhome-tours.com\\\/de\\\/2017\\\/02\\\/20\\\/spent-night-aire-gravelines-way-nec\\\/#breadcrumb\"},\"inLanguage\":\"de\",\"potentialAction\":[{\"@type\":\"ReadAction\",\"target\":[\"https:\\\/\\\/manda-motorhome-tours.com\\\/de\\\/2017\\\/02\\\/20\\\/spent-night-aire-gravelines-way-nec\\\/\"]}]},{\"@type\":\"ImageObject\",\"inLanguage\":\"de\",\"@id\":\"https:\\\/\\\/manda-motorhome-tours.com\\\/de\\\/2017\\\/02\\\/20\\\/spent-night-aire-gravelines-way-nec\\\/#primaryimage\",\"url\":\"https:\\\/\\\/i0.wp.com\\\/manda-motorhome-tours.com\\\/wp-content\\\/uploads\\\/2017\\\/02\\\/IMG_3633.jpg?fit=2048%2C1536&ssl=1\",\"contentUrl\":\"https:\\\/\\\/i0.wp.com\\\/manda-motorhome-tours.com\\\/wp-content\\\/uploads\\\/2017\\\/02\\\/IMG_3633.jpg?fit=2048%2C1536&ssl=1\",\"width\":2048,\"height\":1536,\"caption\":\"Aire in Gravelines on the way to Calais port\"},{\"@type\":\"BreadcrumbList\",\"@id\":\"https:\\\/\\\/manda-motorhome-tours.com\\\/de\\\/2017\\\/02\\\/20\\\/spent-night-aire-gravelines-way-nec\\\/#breadcrumb\",\"itemListElement\":[{\"@type\":\"ListItem\",\"position\":1,\"name\":\"Home\",\"item\":\"https:\\\/\\\/manda-motorhome-tours.com\\\/\"},{\"@type\":\"ListItem\",\"position\":2,\"name\":\"Spent the night at Aire in Gravelines on the way to NEC\"}]},{\"@type\":\"WebSite\",\"@id\":\"https:\\\/\\\/manda-motorhome-tours.com\\\/#website\",\"url\":\"https:\\\/\\\/manda-motorhome-tours.com\\\/\",\"name\":\"MandA Tours - Gef\u00fchrte Wohnmobil Reisen\",\"description\":\"MandA Tours bietet gef\u00fchrte Wohnmobilreisen zu ausgew\u00e4hlten Zielen innerhalb Europas an. Reisen Sie mit uns in die malerischsten Gegenden von Europa und erleben Sie Ihre unvergessliche Traumreise. Wir k\u00fcmmern uns darum, dass Sie sorgenfrei und ohne Planungsaufwand die sch\u00f6nsten St\u00e4dte und Landschaften der Region erleben und an ausgesuchten Events teilnehmen k\u00f6nnen\",\"publisher\":{\"@id\":\"https:\\\/\\\/manda-motorhome-tours.com\\\/#organization\"},\"potentialAction\":[{\"@type\":\"SearchAction\",\"target\":{\"@type\":\"EntryPoint\",\"urlTemplate\":\"https:\\\/\\\/manda-motorhome-tours.com\\\/?s={search_term_string}\"},\"query-input\":{\"@type\":\"PropertyValueSpecification\",\"valueRequired\":true,\"valueName\":\"search_term_string\"}}],\"inLanguage\":\"de\"},{\"@type\":\"Organization\",\"@id\":\"https:\\\/\\\/manda-motorhome-tours.com\\\/#organization\",\"name\":\"MandA Tours - Gef\u00fchrte Wohnmobil Reisen\",\"url\":\"https:\\\/\\\/manda-motorhome-tours.com\\\/\",\"logo\":{\"@type\":\"ImageObject\",\"inLanguage\":\"de\",\"@id\":\"https:\\\/\\\/manda-motorhome-tours.com\\\/#\\\/schema\\\/logo\\\/image\\\/\",\"url\":\"https:\\\/\\\/i0.wp.com\\\/manda-motorhome-tours.com\\\/wp-content\\\/uploads\\\/2019\\\/11\\\/MT_Logo_ohneClaim_3-18.jpg?fit=1593%2C655&ssl=1\",\"contentUrl\":\"https:\\\/\\\/i0.wp.com\\\/manda-motorhome-tours.com\\\/wp-content\\\/uploads\\\/2019\\\/11\\\/MT_Logo_ohneClaim_3-18.jpg?fit=1593%2C655&ssl=1\",\"width\":1593,\"height\":655,\"caption\":\"MandA Tours - Gef\u00fchrte Wohnmobil Reisen\"},\"image\":{\"@id\":\"https:\\\/\\\/manda-motorhome-tours.com\\\/#\\\/schema\\\/logo\\\/image\\\/\"},\"sameAs\":[\"https:\\\/\\\/www.facebook.com\\\/MandAMotorhomeTours\\\/\"]},{\"@type\":\"Person\",\"@id\":\"https:\\\/\\\/manda-motorhome-tours.com\\\/#\\\/schema\\\/person\\\/b6a90b75b0b836bbae1c25b489d16a72\",\"name\":\"admin\",\"image\":{\"@type\":\"ImageObject\",\"inLanguage\":\"de\",\"@id\":\"https:\\\/\\\/secure.gravatar.com\\\/avatar\\\/d0605a261bfb8b3da40511ca8cae92d2cb69ae46d427d792f2f3052ac515f1c2?s=96&d=mm&r=g\",\"url\":\"https:\\\/\\\/secure.gravatar.com\\\/avatar\\\/d0605a261bfb8b3da40511ca8cae92d2cb69ae46d427d792f2f3052ac515f1c2?s=96&d=mm&r=g\",\"contentUrl\":\"https:\\\/\\\/secure.gravatar.com\\\/avatar\\\/d0605a261bfb8b3da40511ca8cae92d2cb69ae46d427d792f2f3052ac515f1c2?s=96&d=mm&r=g\",\"caption\":\"admin\"},\"url\":\"https:\\\/\\\/manda-motorhome-tours.com\\\/de\\\/author\\\/admin\\\/\"}]}<\/script>\n<!-- \/ Yoast SEO plugin. -->","yoast_head_json":{"title":"Spent the night at the Aire in Gravelines on the way to the NEC","robots":{"index":"index","follow":"follow","max-snippet":"max-snippet:-1","max-image-preview":"max-image-preview:large","max-video-preview":"max-video-preview:-1"},"canonical":"https:\/\/manda-motorhome-tours.com\/de\/2017\/02\/20\/spent-night-aire-gravelines-way-nec\/","og_locale":"de_DE","og_type":"article","og_title":"Spent the night at Aire in Gravelines on the way to NEC - MandA Tours - Gef\u00fchrte Wohnmobil Reisen","og_url":"https:\/\/manda-motorhome-tours.com\/de\/2017\/02\/20\/spent-night-aire-gravelines-way-nec\/","og_site_name":"MandA Tours - Gef\u00fchrte Wohnmobil Reisen","article_publisher":"https:\/\/www.facebook.com\/MandAMotorhomeTours\/","article_published_time":"2017-02-20T06:45:58+00:00","article_modified_time":"2017-02-20T18:38:32+00:00","og_image":[{"width":2048,"height":1536,"url":"https:\/\/i1.wp.com\/manda-motorhome-tours.com\/wp-content\/uploads\/2017\/02\/IMG_3633.jpg?fit=2048%2C1536&ssl=1","type":"image\/jpeg"}],"author":"admin","twitter_card":"summary_large_image","twitter_misc":{"Verfasst von":"admin"},"schema":{"@context":"https:\/\/schema.org","@graph":[{"@type":"Article","@id":"https:\/\/manda-motorhome-tours.com\/de\/2017\/02\/20\/spent-night-aire-gravelines-way-nec\/#article","isPartOf":{"@id":"https:\/\/manda-motorhome-tours.com\/de\/2017\/02\/20\/spent-night-aire-gravelines-way-nec\/"},"author":{"name":"admin","@id":"https:\/\/manda-motorhome-tours.com\/#\/schema\/person\/b6a90b75b0b836bbae1c25b489d16a72"},"headline":"Spent the night at Aire in Gravelines on the way to NEC","datePublished":"2017-02-20T06:45:58+00:00","dateModified":"2017-02-20T18:38:32+00:00","mainEntityOfPage":{"@id":"https:\/\/manda-motorhome-tours.com\/de\/2017\/02\/20\/spent-night-aire-gravelines-way-nec\/"},"wordCount":110,"publisher":{"@id":"https:\/\/manda-motorhome-tours.com\/#organization"},"image":{"@id":"https:\/\/manda-motorhome-tours.com\/de\/2017\/02\/20\/spent-night-aire-gravelines-way-nec\/#primaryimage"},"thumbnailUrl":"https:\/\/i0.wp.com\/manda-motorhome-tours.com\/wp-content\/uploads\/2017\/02\/IMG_3633.jpg?fit=2048%2C1536&ssl=1","keywords":["Accompanied Motorhome Tours","Aire Gravelines","Begleitete Wohnmobilreisen","Escorted motorhome tours","European Motorhome Tours","Gef\u00fchrte Wohnmobilreisen","MandA Tours","Motorhome Show"],"articleSection":["Motorhome Shows"],"inLanguage":"de"},{"@type":"WebPage","@id":"https:\/\/manda-motorhome-tours.com\/de\/2017\/02\/20\/spent-night-aire-gravelines-way-nec\/","url":"https:\/\/manda-motorhome-tours.com\/de\/2017\/02\/20\/spent-night-aire-gravelines-way-nec\/","name":"Spent the night at the Aire in Gravelines on the way to the NEC","isPartOf":{"@id":"https:\/\/manda-motorhome-tours.com\/#website"},"primaryImageOfPage":{"@id":"https:\/\/manda-motorhome-tours.com\/de\/2017\/02\/20\/spent-night-aire-gravelines-way-nec\/#primaryimage"},"image":{"@id":"https:\/\/manda-motorhome-tours.com\/de\/2017\/02\/20\/spent-night-aire-gravelines-way-nec\/#primaryimage"},"thumbnailUrl":"https:\/\/i0.wp.com\/manda-motorhome-tours.com\/wp-content\/uploads\/2017\/02\/IMG_3633.jpg?fit=2048%2C1536&ssl=1","datePublished":"2017-02-20T06:45:58+00:00","dateModified":"2017-02-20T18:38:32+00:00","description":"The Aire in Gravelines is nicely located at the yacht port in walking distance from the town centre.","breadcrumb":{"@id":"https:\/\/manda-motorhome-tours.com\/de\/2017\/02\/20\/spent-night-aire-gravelines-way-nec\/#breadcrumb"},"inLanguage":"de","potentialAction":[{"@type":"ReadAction","target":["https:\/\/manda-motorhome-tours.com\/de\/2017\/02\/20\/spent-night-aire-gravelines-way-nec\/"]}]},{"@type":"ImageObject","inLanguage":"de","@id":"https:\/\/manda-motorhome-tours.com\/de\/2017\/02\/20\/spent-night-aire-gravelines-way-nec\/#primaryimage","url":"https:\/\/i0.wp.com\/manda-motorhome-tours.com\/wp-content\/uploads\/2017\/02\/IMG_3633.jpg?fit=2048%2C1536&ssl=1","contentUrl":"https:\/\/i0.wp.com\/manda-motorhome-tours.com\/wp-content\/uploads\/2017\/02\/IMG_3633.jpg?fit=2048%2C1536&ssl=1","width":2048,"height":1536,"caption":"Aire in Gravelines on the way to Calais port"},{"@type":"BreadcrumbList","@id":"https:\/\/manda-motorhome-tours.com\/de\/2017\/02\/20\/spent-night-aire-gravelines-way-nec\/#breadcrumb","itemListElement":[{"@type":"ListItem","position":1,"name":"Home","item":"https:\/\/manda-motorhome-tours.com\/"},{"@type":"ListItem","position":2,"name":"Spent the night at Aire in Gravelines on the way to NEC"}]},{"@type":"WebSite","@id":"https:\/\/manda-motorhome-tours.com\/#website","url":"https:\/\/manda-motorhome-tours.com\/","name":"MandA Tours - Gef\u00fchrte Wohnmobil Reisen","description":"MandA Tours bietet gef\u00fchrte Wohnmobilreisen zu ausgew\u00e4hlten Zielen innerhalb Europas an. Reisen Sie mit uns in die malerischsten Gegenden von Europa und erleben Sie Ihre unvergessliche Traumreise. Wir k\u00fcmmern uns darum, dass Sie sorgenfrei und ohne Planungsaufwand die sch\u00f6nsten St\u00e4dte und Landschaften der Region erleben und an ausgesuchten Events teilnehmen k\u00f6nnen","publisher":{"@id":"https:\/\/manda-motorhome-tours.com\/#organization"},"potentialAction":[{"@type":"SearchAction","target":{"@type":"EntryPoint","urlTemplate":"https:\/\/manda-motorhome-tours.com\/?s={search_term_string}"},"query-input":{"@type":"PropertyValueSpecification","valueRequired":true,"valueName":"search_term_string"}}],"inLanguage":"de"},{"@type":"Organization","@id":"https:\/\/manda-motorhome-tours.com\/#organization","name":"MandA Tours - Gef\u00fchrte Wohnmobil Reisen","url":"https:\/\/manda-motorhome-tours.com\/","logo":{"@type":"ImageObject","inLanguage":"de","@id":"https:\/\/manda-motorhome-tours.com\/#\/schema\/logo\/image\/","url":"https:\/\/i0.wp.com\/manda-motorhome-tours.com\/wp-content\/uploads\/2019\/11\/MT_Logo_ohneClaim_3-18.jpg?fit=1593%2C655&ssl=1","contentUrl":"https:\/\/i0.wp.com\/manda-motorhome-tours.com\/wp-content\/uploads\/2019\/11\/MT_Logo_ohneClaim_3-18.jpg?fit=1593%2C655&ssl=1","width":1593,"height":655,"caption":"MandA Tours - Gef\u00fchrte Wohnmobil Reisen"},"image":{"@id":"https:\/\/manda-motorhome-tours.com\/#\/schema\/logo\/image\/"},"sameAs":["https:\/\/www.facebook.com\/MandAMotorhomeTours\/"]},{"@type":"Person","@id":"https:\/\/manda-motorhome-tours.com\/#\/schema\/person\/b6a90b75b0b836bbae1c25b489d16a72","name":"admin","image":{"@type":"ImageObject","inLanguage":"de","@id":"https:\/\/secure.gravatar.com\/avatar\/d0605a261bfb8b3da40511ca8cae92d2cb69ae46d427d792f2f3052ac515f1c2?s=96&d=mm&r=g","url":"https:\/\/secure.gravatar.com\/avatar\/d0605a261bfb8b3da40511ca8cae92d2cb69ae46d427d792f2f3052ac515f1c2?s=96&d=mm&r=g","contentUrl":"https:\/\/secure.gravatar.com\/avatar\/d0605a261bfb8b3da40511ca8cae92d2cb69ae46d427d792f2f3052ac515f1c2?s=96&d=mm&r=g","caption":"admin"},"url":"https:\/\/manda-motorhome-tours.com\/de\/author\/admin\/"}]}},"jetpack_publicize_connections":[],"jetpack_featured_media_url":"https:\/\/i0.wp.com\/manda-motorhome-tours.com\/wp-content\/uploads\/2017\/02\/IMG_3633.jpg?fit=2048%2C1536&ssl=1","jetpack_shortlink":"https:\/\/wp.me\/p7FFB3-w1","jetpack-related-posts":[{"id":2590,"url":"https:\/\/manda-motorhome-tours.com\/de\/2017\/04\/15\/new-aire-calais-now-open\/","url_meta":{"origin":1985,"position":0},"title":"New Aire in Calais now open","author":"admin","date":"15. April 2017","format":false,"excerpt":"As we had already posted, the former aire right next to the beach and the exit of the port has been closed. A brand new one has been built a bit further in land. It is well equipped with 4 dumping stations and has hard standing. Unfortunately there are no\u2026","rel":"","context":"In &quot;Allgemein&quot;","block_context":{"text":"Allgemein","link":"https:\/\/manda-motorhome-tours.com\/de\/category\/allgemein\/"},"img":{"alt_text":"New Aire in Calais before Sprintime in Holland Tour 2017","src":"https:\/\/i0.wp.com\/manda-motorhome-tours.com\/wp-content\/uploads\/2017\/04\/IMG_3875.jpg?fit=1200%2C900&ssl=1&resize=350%2C200","width":350,"height":200,"srcset":"https:\/\/i0.wp.com\/manda-motorhome-tours.com\/wp-content\/uploads\/2017\/04\/IMG_3875.jpg?fit=1200%2C900&ssl=1&resize=350%2C200 1x, https:\/\/i0.wp.com\/manda-motorhome-tours.com\/wp-content\/uploads\/2017\/04\/IMG_3875.jpg?fit=1200%2C900&ssl=1&resize=525%2C300 1.5x, https:\/\/i0.wp.com\/manda-motorhome-tours.com\/wp-content\/uploads\/2017\/04\/IMG_3875.jpg?fit=1200%2C900&ssl=1&resize=700%2C400 2x, https:\/\/i0.wp.com\/manda-motorhome-tours.com\/wp-content\/uploads\/2017\/04\/IMG_3875.jpg?fit=1200%2C900&ssl=1&resize=1050%2C600 3x"},"classes":[]},{"id":1149,"url":"https:\/\/manda-motorhome-tours.com\/de\/2016\/10\/09\/aire-calais-way-motorhome-caravan-show-nec\/","url_meta":{"origin":1985,"position":1},"title":"Aire in Calais on the way to the Motorhome &#038; Caravan Show at the NEC","author":"admin","date":"9. Oktober 2016","format":false,"excerpt":"Sunset at the aire in Calais on the way to the Motorhome & Caravan Show at the NEC in Birmingham. Ready to catch the ferry tomorrow. See you there!","rel":"","context":"In &quot;Motorhome Shows&quot;","block_context":{"text":"Motorhome Shows","link":"https:\/\/manda-motorhome-tours.com\/de\/category\/motorhome-shows\/"},"img":{"alt_text":"Aire in Calais on the way to the Motorhome & Caravan Show in Birmingham","src":"https:\/\/i0.wp.com\/manda-motorhome-tours.com\/wp-content\/uploads\/2016\/10\/Stellplatz-Calais-IMG_3138.jpg?fit=1200%2C900&ssl=1&resize=350%2C200","width":350,"height":200,"srcset":"https:\/\/i0.wp.com\/manda-motorhome-tours.com\/wp-content\/uploads\/2016\/10\/Stellplatz-Calais-IMG_3138.jpg?fit=1200%2C900&ssl=1&resize=350%2C200 1x, https:\/\/i0.wp.com\/manda-motorhome-tours.com\/wp-content\/uploads\/2016\/10\/Stellplatz-Calais-IMG_3138.jpg?fit=1200%2C900&ssl=1&resize=525%2C300 1.5x, https:\/\/i0.wp.com\/manda-motorhome-tours.com\/wp-content\/uploads\/2016\/10\/Stellplatz-Calais-IMG_3138.jpg?fit=1200%2C900&ssl=1&resize=700%2C400 2x, https:\/\/i0.wp.com\/manda-motorhome-tours.com\/wp-content\/uploads\/2016\/10\/Stellplatz-Calais-IMG_3138.jpg?fit=1200%2C900&ssl=1&resize=1050%2C600 3x"},"classes":[]},{"id":4818,"url":"https:\/\/manda-motorhome-tours.com\/de\/2017\/08\/16\/malvern-western-motorhome-show\/","url_meta":{"origin":1985,"position":2},"title":"Waiting for boarding on the way to the Malvern Western Motorhome Show","author":"admin","date":"16. August 2017","format":false,"excerpt":"Waiting for boarding on the way to the Malvern Western Motorhome Show Left yesterday for the Malvern Western Motorhome Show 2017 and spent the night at the new Aire in Calais. Tomorrow is set-up for the show. The show starts on Friday and ends Sunday. We will be at stand\u2026","rel":"","context":"In &quot;Motorhome Shows&quot;","block_context":{"text":"Motorhome Shows","link":"https:\/\/manda-motorhome-tours.com\/de\/category\/motorhome-shows\/"},"img":{"alt_text":"Waiting for boarding on the way to the Malvern Western Motorhome Show","src":"https:\/\/i0.wp.com\/manda-motorhome-tours.com\/wp-content\/uploads\/2017\/08\/IMG_5609-e1503031432596.jpg?fit=512%2C384&ssl=1&resize=350%2C200","width":350,"height":200},"classes":[]},{"id":2000,"url":"https:\/\/manda-motorhome-tours.com\/de\/2017\/02\/20\/set-caravan-camping-motorhome-show-2017-nec-birmingham\/","url_meta":{"origin":1985,"position":3},"title":"All set for the Caravan Camping &#038; Motorhome Show 2017 at the NEC in Birmingham","author":"admin","date":"20. Februar 2017","format":false,"excerpt":"Our stand at\u00a0the Caravan Camping & Motorhome Show 2017 at the NEC in Birmingham is ready to receive our customers. We are looking forward to talk about our 2017 tours at our stand in Hall 4, Stand Number 4514.","rel":"","context":"In &quot;Motorhome Shows&quot;","block_context":{"text":"Motorhome Shows","link":"https:\/\/manda-motorhome-tours.com\/de\/category\/motorhome-shows\/"},"img":{"alt_text":"Stand at Caravan Camping & Motorhome Show 2017","src":"https:\/\/i0.wp.com\/manda-motorhome-tours.com\/wp-content\/uploads\/2017\/02\/IMG_3643.jpg?fit=1200%2C900&ssl=1&resize=350%2C200","width":350,"height":200,"srcset":"https:\/\/i0.wp.com\/manda-motorhome-tours.com\/wp-content\/uploads\/2017\/02\/IMG_3643.jpg?fit=1200%2C900&ssl=1&resize=350%2C200 1x, https:\/\/i0.wp.com\/manda-motorhome-tours.com\/wp-content\/uploads\/2017\/02\/IMG_3643.jpg?fit=1200%2C900&ssl=1&resize=525%2C300 1.5x, https:\/\/i0.wp.com\/manda-motorhome-tours.com\/wp-content\/uploads\/2017\/02\/IMG_3643.jpg?fit=1200%2C900&ssl=1&resize=700%2C400 2x, https:\/\/i0.wp.com\/manda-motorhome-tours.com\/wp-content\/uploads\/2017\/02\/IMG_3643.jpg?fit=1200%2C900&ssl=1&resize=1050%2C600 3x"},"classes":[]},{"id":5406,"url":"https:\/\/manda-motorhome-tours.com\/de\/2017\/10\/13\/visit-us-motorhome-caravan-show-2017-nec\/","url_meta":{"origin":1985,"position":4},"title":"Visit us at the Motorhome &#038; Caravan Show 2017 at the NEC","author":"admin","date":"13. Oktober 2017","format":false,"excerpt":"Visit us at the Motorhome & Caravan Show 2017 at the NEC We would be happy to talk to you about our 2018 tours at the Motorhome & Caravan Show\u00a0at the NEC in Birmingham from 17th \u2013 22nd October. Our stand number is 32b at the entrance to Hall 9.\u2026","rel":"","context":"In &quot;Motorhome Shows&quot;","block_context":{"text":"Motorhome Shows","link":"https:\/\/manda-motorhome-tours.com\/de\/category\/motorhome-shows\/"},"img":{"alt_text":"Motorhome & Caravan Show 2017 NEC","src":"https:\/\/i0.wp.com\/manda-motorhome-tours.com\/wp-content\/uploads\/2017\/10\/2017-10-NEC-jpeg-mit-Standnr-CCM-Show-Logo-seeusat.jpg?fit=941%2C600&ssl=1&resize=350%2C200","width":350,"height":200,"srcset":"https:\/\/i0.wp.com\/manda-motorhome-tours.com\/wp-content\/uploads\/2017\/10\/2017-10-NEC-jpeg-mit-Standnr-CCM-Show-Logo-seeusat.jpg?fit=941%2C600&ssl=1&resize=350%2C200 1x, https:\/\/i0.wp.com\/manda-motorhome-tours.com\/wp-content\/uploads\/2017\/10\/2017-10-NEC-jpeg-mit-Standnr-CCM-Show-Logo-seeusat.jpg?fit=941%2C600&ssl=1&resize=525%2C300 1.5x, https:\/\/i0.wp.com\/manda-motorhome-tours.com\/wp-content\/uploads\/2017\/10\/2017-10-NEC-jpeg-mit-Standnr-CCM-Show-Logo-seeusat.jpg?fit=941%2C600&ssl=1&resize=700%2C400 2x"},"classes":[]},{"id":5786,"url":"https:\/\/manda-motorhome-tours.com\/de\/2018\/02\/18\/stop-in-ypres-on-the-way-to-the-caravan-camping-and-motorhome-show\/","url_meta":{"origin":1985,"position":5},"title":"Stop in Ypres on the way to the Caravan, Camping and Motorhome Show","author":"admin","date":"18. Februar 2018","format":false,"excerpt":"Stop in Ypres on the way to the Caravan, Camping and Motorhome Show On the way to\u00a0the Caravan, Camping and Motorhome Show at the NEC, we stopped in the Outlet Centre in Roermond, Holland and spent the night at a Camperstop in Weert. On Saturday we drove to the city\u2026","rel":"","context":"In &quot;Motorhome Shows&quot;","block_context":{"text":"Motorhome Shows","link":"https:\/\/manda-motorhome-tours.com\/de\/category\/motorhome-shows\/"},"img":{"alt_text":"Menin Gate Ypres","src":"https:\/\/i0.wp.com\/manda-motorhome-tours.com\/wp-content\/uploads\/2018\/02\/IMG_7166-e1518979039578.jpg?fit=504%2C378&ssl=1&resize=350%2C200","width":350,"height":200},"classes":[]}],"jetpack_sharing_enabled":true,"_links":{"self":[{"href":"https:\/\/manda-motorhome-tours.com\/de\/wp-json\/wp\/v2\/posts\/1985","targetHints":{"allow":["GET"]}}],"collection":[{"href":"https:\/\/manda-motorhome-tours.com\/de\/wp-json\/wp\/v2\/posts"}],"about":[{"href":"https:\/\/manda-motorhome-tours.com\/de\/wp-json\/wp\/v2\/types\/post"}],"author":[{"embeddable":true,"href":"https:\/\/manda-motorhome-tours.com\/de\/wp-json\/wp\/v2\/users\/1"}],"replies":[{"embeddable":true,"href":"https:\/\/manda-motorhome-tours.com\/de\/wp-json\/wp\/v2\/comments?post=1985"}],"version-history":[{"count":3,"href":"https:\/\/manda-motorhome-tours.com\/de\/wp-json\/wp\/v2\/posts\/1985\/revisions"}],"predecessor-version":[{"id":1990,"href":"https:\/\/manda-motorhome-tours.com\/de\/wp-json\/wp\/v2\/posts\/1985\/revisions\/1990"}],"wp:featuredmedia":[{"embeddable":true,"href":"https:\/\/manda-motorhome-tours.com\/de\/wp-json\/wp\/v2\/media\/1983"}],"wp:attachment":[{"href":"https:\/\/manda-motorhome-tours.com\/de\/wp-json\/wp\/v2\/media?parent=1985"}],"wp:term":[{"taxonomy":"category","embeddable":true,"href":"https:\/\/manda-motorhome-tours.com\/de\/wp-json\/wp\/v2\/categories?post=1985"},{"taxonomy":"post_tag","embeddable":true,"href":"https:\/\/manda-motorhome-tours.com\/de\/wp-json\/wp\/v2\/tags?post=1985"}],"curies":[{"name":"wp","href":"https:\/\/api.w.org\/{rel}","templated":true}]}}