{"id":7178,"date":"2018-08-11T08:53:59","date_gmt":"2018-08-11T06:53:59","guid":{"rendered":"http:\/\/www.manda-motorhome-tours.com\/?p=7178"},"modified":"2018-08-11T08:55:53","modified_gmt":"2018-08-11T06:55:53","slug":"less-than-a-week-to-go-to-the-western-motorhome-show-in-malvern","status":"publish","type":"post","link":"https:\/\/manda-motorhome-tours.com\/de\/2018\/08\/11\/less-than-a-week-to-go-to-the-western-motorhome-show-in-malvern\/","title":{"rendered":"Less than a week to go to The Western Motorhome Show in Malvern"},"content":{"rendered":"<p><a href=\"https:\/\/i0.wp.com\/manda-motorhome-tours.com\/wp-content\/uploads\/2017\/12\/MALVERN-2018-Come-See-us-at-stand-number.jpg?ssl=1\"><img data-recalc-dims=\"1\" loading=\"lazy\" decoding=\"async\" data-attachment-id=\"5656\" data-permalink=\"https:\/\/manda-motorhome-tours.com\/de\/contact\/malvern-2018-come-see-us-at-stand-number\/\" data-orig-file=\"https:\/\/i0.wp.com\/manda-motorhome-tours.com\/wp-content\/uploads\/2017\/12\/MALVERN-2018-Come-See-us-at-stand-number.jpg?fit=2048%2C1804&amp;ssl=1\" data-orig-size=\"2048,1804\" data-comments-opened=\"1\" data-image-meta=\"{&quot;aperture&quot;:&quot;0&quot;,&quot;credit&quot;:&quot;&quot;,&quot;camera&quot;:&quot;&quot;,&quot;caption&quot;:&quot;&quot;,&quot;created_timestamp&quot;:&quot;0&quot;,&quot;copyright&quot;:&quot;&quot;,&quot;focal_length&quot;:&quot;0&quot;,&quot;iso&quot;:&quot;0&quot;,&quot;shutter_speed&quot;:&quot;0&quot;,&quot;title&quot;:&quot;&quot;,&quot;orientation&quot;:&quot;0&quot;}\" data-image-title=\"MALVERN-2018-Come-See-us-at stand number\" data-image-description=\"\" data-image-caption=\"\" data-large-file=\"https:\/\/i0.wp.com\/manda-motorhome-tours.com\/wp-content\/uploads\/2017\/12\/MALVERN-2018-Come-See-us-at-stand-number.jpg?fit=1024%2C902&amp;ssl=1\" class=\"aligncenter size-large wp-image-5656\" src=\"https:\/\/i0.wp.com\/manda-motorhome-tours.com\/wp-content\/uploads\/2017\/12\/MALVERN-2018-Come-See-us-at-stand-number.jpg?resize=640%2C564&#038;ssl=1\" alt=\"Visit our stand at the Western Motorhome Show in Malvern 17th-19th August 2018\" width=\"640\" height=\"564\" srcset=\"https:\/\/i0.wp.com\/manda-motorhome-tours.com\/wp-content\/uploads\/2017\/12\/MALVERN-2018-Come-See-us-at-stand-number.jpg?resize=1024%2C902&amp;ssl=1 1024w, https:\/\/i0.wp.com\/manda-motorhome-tours.com\/wp-content\/uploads\/2017\/12\/MALVERN-2018-Come-See-us-at-stand-number.jpg?resize=300%2C264&amp;ssl=1 300w, https:\/\/i0.wp.com\/manda-motorhome-tours.com\/wp-content\/uploads\/2017\/12\/MALVERN-2018-Come-See-us-at-stand-number.jpg?resize=768%2C677&amp;ssl=1 768w, https:\/\/i0.wp.com\/manda-motorhome-tours.com\/wp-content\/uploads\/2017\/12\/MALVERN-2018-Come-See-us-at-stand-number.jpg?w=2048&amp;ssl=1 2048w\" sizes=\"auto, (max-width: 640px) 100vw, 640px\" \/><\/a><\/p>\n<p>Three weeks ago we returned from our \u00a0<a href=\"https:\/\/manda-motorhome-tours.com\/why-travel-with-us\/\" target=\"_blank\" rel=\"noopener\">\u201cMajestic Rhine &amp; Moselle Rivers\u201d<\/a> tour, the last tour before the summer holidays in July and August.<\/p>\n<p>We had a very enjoyable trip travelling in almost perfect weather along the most beautiful parts of the Rhine and Moselle rivers with a group of 24 friendly and enthusiastic people. We were able to watch the fireworks during Rhine in Flames, one of the highlights every year on this tour, from the open deck of our boat on a perfect summer evening. Later during the tour the group \u00a0also enjoyed our stay at the vineyard on the Moselle.\u00a0 After visiting the wine cellar a delicious meal was prepared for us, and we tried many of the excellent wines\u00a0 produced at the vineyard.<\/p>\n<p>After the tour finished some of the group were lucky not to have to rush back to the UK, so we gave them some suggestions on what they could visit on their journey home. Several went to see the Menin Gate in Ypres and witnessed the moving Last Post ceremony which takes place every evening at 8pm. Some stayed longer in Germany and we recommended a visit to the Technik Museum in Speyer and\/or the Motor-Sport-Museum next to the Hockenheim Ring. Some lucky people even managed to get tickets for the German Grand Prix in Hockenheim, which took place the following weekend, and saw \u00a0Lewis Hamilton beat Sebastian Vettel!<\/p>\n<p>In our last newsletter we informed you that we had finalised all details on our 2019 touring programme and that all information could now be found on our website. We are overwhelmed to have received so many bookings that some of the tours are already half full! We are now looking forward to <a href=\"https:\/\/www.outandaboutlive.co.uk\/shows\/show\/the-western-motorhome-show\" target=\"_blank\" rel=\"noopener\">the Western Motorhome show in Malvern<\/a>, which takes place from 17<sup>th<\/sup> \u2013 19<sup>th<\/sup> August, in less than a week, where we will present our 2019 touring programme. We look forward to meeting there many of our customers, past and present, and any one who may still be undecided about joining an escorted tour. Come and visit us on our stand no. 92 and we can have a chat about our tours.<\/p>\n<p>We still have a couple of places left on the remaining tours for this year. There is only one week left\u00a0to book our two week <a href=\"https:\/\/manda-motorhome-tours.com\/impressive-italian-lakes-cities\/\" target=\"_blank\" rel=\"noopener\"><u>\u201cImpressive Italian Lakes &amp; Cities\u201d<\/u><\/a> tour which starts on 16<sup>th<\/sup> September. If you are a lover of Christmas markets come and join us on our <a href=\"https:\/\/manda-motorhome-tours.com\/europes-best-christmas-markets\/\" target=\"_blank\" rel=\"noopener\"><u>\u201cEurope\u2019s Best Christmas Markets\u201d<\/u><\/a> tour in December.<\/p>\n<p>If you are interested in joining one of the 2019 tours, you can already secure your place by <a href=\"https:\/\/manda-motorhome-tours.com\/booking\/\" target=\"_blank\" rel=\"noopener\">booking here<\/a>.<\/p>\n","protected":false},"excerpt":{"rendered":"<p>Three weeks ago we returned from our \u00a0\u201cMajestic Rhine &amp; Moselle Rivers\u201d tour, the last tour before the summer holidays in July and August. We had a very enjoyable trip travelling in almost perfect weather along the most beautiful parts of the Rhine and Moselle rivers with a group of 24 friendly and enthusiastic people.&hellip;&nbsp;<a href=\"https:\/\/manda-motorhome-tours.com\/de\/2018\/08\/11\/less-than-a-week-to-go-to-the-western-motorhome-show-in-malvern\/\" rel=\"bookmark\">Weiterlesen &raquo;<span class=\"screen-reader-text\">Less than a week to go to The Western Motorhome Show in Malvern<\/span><\/a><\/p>\n","protected":false},"author":1,"featured_media":5656,"comment_status":"closed","ping_status":"closed","sticky":false,"template":"","format":"standard","meta":{"neve_meta_sidebar":"","neve_meta_container":"","neve_meta_enable_content_width":"","neve_meta_content_width":0,"neve_meta_title_alignment":"","neve_meta_author_avatar":"","neve_post_elements_order":"","neve_meta_disable_header":"","neve_meta_disable_footer":"","neve_meta_disable_title":"","jetpack_post_was_ever_published":false,"_jetpack_newsletter_access":"","_jetpack_dont_email_post_to_subs":false,"_jetpack_newsletter_tier_id":0,"_jetpack_memberships_contains_paywalled_content":false,"_jetpack_memberships_contains_paid_content":false,"footnotes":"","jetpack_publicize_message":"","jetpack_publicize_feature_enabled":true,"jetpack_social_post_already_shared":true,"jetpack_social_options":{"image_generator_settings":{"template":"highway","default_image_id":0,"font":"","enabled":false},"version":2}},"categories":[7,41,43,120,11],"tags":[16,18,42,15,44,13,17,40,12,37,32,184,183,161,35,174,117],"class_list":["post-7178","post","type-post","status-publish","format-standard","has-post-thumbnail","hentry","category-motorhome-shows","category-breathtaking-black-forest","category-europes-best-christmas-markets","category-impressive-italian-lakes-and-cities","category-newsletter","tag-accompanied-motorhome-tours","tag-begleitete-wohnmobilreisen","tag-breathtaking-black-forest-escorted-motorhome-tour","tag-escorted-motorhome-tours","tag-europes-best-christmas-markets","tag-european-motorhome-tours","tag-gefuehrte-wohnmobilreisen","tag-majestic-rhine-moselle-rivers","tag-manda-tours","tag-motorhome-show","tag-newsletter","tag-touring-europe-with-your-camper-van","tag-touring-europe-with-your-motorhome","tag-touring-germany-with-your-camper-van","tag-touring-germany-with-your-motorhome","tag-touring-italy-with-your-camper-van","tag-touring-italy-with-your-motorhome"],"translation":{"provider":"WPGlobus","version":"3.0.2","language":"de","enabled_languages":["en","de"],"languages":{"en":{"title":true,"content":true,"excerpt":false},"de":{"title":false,"content":false,"excerpt":false}}},"yoast_head":"<!-- This site is optimized with the Yoast SEO plugin v27.3 - https:\/\/yoast.com\/product\/yoast-seo-wordpress\/ -->\n<title>Less than a week to go to The Western Motorhome Show in Malvern - MandA Tours - Gef\u00fchrte Wohnmobil Reisen<\/title>\n<meta name=\"robots\" content=\"index, follow, max-snippet:-1, max-image-preview:large, max-video-preview:-1\" \/>\n<link rel=\"canonical\" href=\"https:\/\/manda-motorhome-tours.com\/de\/2018\/08\/11\/less-than-a-week-to-go-to-the-western-motorhome-show-in-malvern\/\" \/>\n<meta property=\"og:locale\" content=\"de_DE\" \/>\n<meta property=\"og:type\" content=\"article\" \/>\n<meta property=\"og:title\" content=\"Less than a week to go to The Western Motorhome Show in Malvern - MandA Tours - Gef\u00fchrte Wohnmobil Reisen\" \/>\n<meta property=\"og:url\" content=\"https:\/\/manda-motorhome-tours.com\/de\/2018\/08\/11\/less-than-a-week-to-go-to-the-western-motorhome-show-in-malvern\/\" \/>\n<meta property=\"og:site_name\" content=\"MandA Tours - Gef\u00fchrte Wohnmobil Reisen\" \/>\n<meta property=\"article:publisher\" content=\"https:\/\/www.facebook.com\/MandAMotorhomeTours\/\" \/>\n<meta property=\"article:published_time\" content=\"2018-08-11T06:53:59+00:00\" \/>\n<meta property=\"article:modified_time\" content=\"2018-08-11T06:55:53+00:00\" \/>\n<meta property=\"og:image\" content=\"https:\/\/i0.wp.com\/manda-motorhome-tours.com\/wp-content\/uploads\/2017\/12\/MALVERN-2018-Come-See-us-at-stand-number.jpg?fit=2048%2C1804&ssl=1\" \/>\n\t<meta property=\"og:image:width\" content=\"2048\" \/>\n\t<meta property=\"og:image:height\" content=\"1804\" \/>\n\t<meta property=\"og:image:type\" content=\"image\/jpeg\" \/>\n<meta name=\"author\" content=\"admin\" \/>\n<meta name=\"twitter:card\" content=\"summary_large_image\" \/>\n<meta name=\"twitter:label1\" content=\"Verfasst von\" \/>\n\t<meta name=\"twitter:data1\" content=\"admin\" \/>\n\t<meta name=\"twitter:label2\" content=\"Gesch\u00e4tzte Lesezeit\" \/>\n\t<meta name=\"twitter:data2\" content=\"2\u00a0Minuten\" \/>\n<script type=\"application\/ld+json\" class=\"yoast-schema-graph\">{\"@context\":\"https:\\\/\\\/schema.org\",\"@graph\":[{\"@type\":\"Article\",\"@id\":\"https:\\\/\\\/manda-motorhome-tours.com\\\/de\\\/2018\\\/08\\\/11\\\/less-than-a-week-to-go-to-the-western-motorhome-show-in-malvern\\\/#article\",\"isPartOf\":{\"@id\":\"https:\\\/\\\/manda-motorhome-tours.com\\\/de\\\/2018\\\/08\\\/11\\\/less-than-a-week-to-go-to-the-western-motorhome-show-in-malvern\\\/\"},\"author\":{\"name\":\"admin\",\"@id\":\"https:\\\/\\\/manda-motorhome-tours.com\\\/#\\\/schema\\\/person\\\/b6a90b75b0b836bbae1c25b489d16a72\"},\"headline\":\"Less than a week to go to The Western Motorhome Show in Malvern\",\"datePublished\":\"2018-08-11T06:53:59+00:00\",\"dateModified\":\"2018-08-11T06:55:53+00:00\",\"mainEntityOfPage\":{\"@id\":\"https:\\\/\\\/manda-motorhome-tours.com\\\/de\\\/2018\\\/08\\\/11\\\/less-than-a-week-to-go-to-the-western-motorhome-show-in-malvern\\\/\"},\"wordCount\":447,\"publisher\":{\"@id\":\"https:\\\/\\\/manda-motorhome-tours.com\\\/#organization\"},\"image\":{\"@id\":\"https:\\\/\\\/manda-motorhome-tours.com\\\/de\\\/2018\\\/08\\\/11\\\/less-than-a-week-to-go-to-the-western-motorhome-show-in-malvern\\\/#primaryimage\"},\"thumbnailUrl\":\"https:\\\/\\\/i0.wp.com\\\/manda-motorhome-tours.com\\\/wp-content\\\/uploads\\\/2017\\\/12\\\/MALVERN-2018-Come-See-us-at-stand-number.jpg?fit=2048%2C1804&ssl=1\",\"keywords\":[\"Accompanied Motorhome Tours\",\"Begleitete Wohnmobilreisen\",\"Breathtaking Black Forest Escorted Motorhome Tour\",\"Escorted motorhome tours\",\"Europe's Best Christmas Markets\",\"European Motorhome Tours\",\"Gef\u00fchrte Wohnmobilreisen\",\"Majestic Rhine &amp; Moselle Rivers\",\"MandA Tours\",\"Motorhome Show\",\"Newsletter\",\"Touring Europe with your camper van\",\"Touring Europe with your motorhome\",\"Touring Germany with your camper van\",\"Touring Germany with your Motorhome\",\"Touring Italy with your camper van\",\"Touring Italy with your Motorhome\"],\"articleSection\":[\"Motorhome Shows\",\"Breathtaking Black Forest\",\"Europe's Best Christmas Markets\",\"Impressive Italian Lakes and Cities\",\"Newsletter\"],\"inLanguage\":\"de\"},{\"@type\":\"WebPage\",\"@id\":\"https:\\\/\\\/manda-motorhome-tours.com\\\/de\\\/2018\\\/08\\\/11\\\/less-than-a-week-to-go-to-the-western-motorhome-show-in-malvern\\\/\",\"url\":\"https:\\\/\\\/manda-motorhome-tours.com\\\/de\\\/2018\\\/08\\\/11\\\/less-than-a-week-to-go-to-the-western-motorhome-show-in-malvern\\\/\",\"name\":\"Less than a week to go to The Western Motorhome Show in Malvern - MandA Tours - Gef\u00fchrte Wohnmobil Reisen\",\"isPartOf\":{\"@id\":\"https:\\\/\\\/manda-motorhome-tours.com\\\/#website\"},\"primaryImageOfPage\":{\"@id\":\"https:\\\/\\\/manda-motorhome-tours.com\\\/de\\\/2018\\\/08\\\/11\\\/less-than-a-week-to-go-to-the-western-motorhome-show-in-malvern\\\/#primaryimage\"},\"image\":{\"@id\":\"https:\\\/\\\/manda-motorhome-tours.com\\\/de\\\/2018\\\/08\\\/11\\\/less-than-a-week-to-go-to-the-western-motorhome-show-in-malvern\\\/#primaryimage\"},\"thumbnailUrl\":\"https:\\\/\\\/i0.wp.com\\\/manda-motorhome-tours.com\\\/wp-content\\\/uploads\\\/2017\\\/12\\\/MALVERN-2018-Come-See-us-at-stand-number.jpg?fit=2048%2C1804&ssl=1\",\"datePublished\":\"2018-08-11T06:53:59+00:00\",\"dateModified\":\"2018-08-11T06:55:53+00:00\",\"breadcrumb\":{\"@id\":\"https:\\\/\\\/manda-motorhome-tours.com\\\/de\\\/2018\\\/08\\\/11\\\/less-than-a-week-to-go-to-the-western-motorhome-show-in-malvern\\\/#breadcrumb\"},\"inLanguage\":\"de\",\"potentialAction\":[{\"@type\":\"ReadAction\",\"target\":[\"https:\\\/\\\/manda-motorhome-tours.com\\\/de\\\/2018\\\/08\\\/11\\\/less-than-a-week-to-go-to-the-western-motorhome-show-in-malvern\\\/\"]}]},{\"@type\":\"ImageObject\",\"inLanguage\":\"de\",\"@id\":\"https:\\\/\\\/manda-motorhome-tours.com\\\/de\\\/2018\\\/08\\\/11\\\/less-than-a-week-to-go-to-the-western-motorhome-show-in-malvern\\\/#primaryimage\",\"url\":\"https:\\\/\\\/i0.wp.com\\\/manda-motorhome-tours.com\\\/wp-content\\\/uploads\\\/2017\\\/12\\\/MALVERN-2018-Come-See-us-at-stand-number.jpg?fit=2048%2C1804&ssl=1\",\"contentUrl\":\"https:\\\/\\\/i0.wp.com\\\/manda-motorhome-tours.com\\\/wp-content\\\/uploads\\\/2017\\\/12\\\/MALVERN-2018-Come-See-us-at-stand-number.jpg?fit=2048%2C1804&ssl=1\",\"width\":2048,\"height\":1804,\"caption\":\"Visit our stand at the Western Motorhome Show in Malvern 17th-19th August 2018\"},{\"@type\":\"BreadcrumbList\",\"@id\":\"https:\\\/\\\/manda-motorhome-tours.com\\\/de\\\/2018\\\/08\\\/11\\\/less-than-a-week-to-go-to-the-western-motorhome-show-in-malvern\\\/#breadcrumb\",\"itemListElement\":[{\"@type\":\"ListItem\",\"position\":1,\"name\":\"Home\",\"item\":\"https:\\\/\\\/manda-motorhome-tours.com\\\/\"},{\"@type\":\"ListItem\",\"position\":2,\"name\":\"Less than a week to go to The Western Motorhome Show in Malvern\"}]},{\"@type\":\"WebSite\",\"@id\":\"https:\\\/\\\/manda-motorhome-tours.com\\\/#website\",\"url\":\"https:\\\/\\\/manda-motorhome-tours.com\\\/\",\"name\":\"MandA Tours - Gef\u00fchrte Wohnmobil Reisen\",\"description\":\"MandA Tours bietet gef\u00fchrte Wohnmobilreisen zu ausgew\u00e4hlten Zielen innerhalb Europas an. Reisen Sie mit uns in die malerischsten Gegenden von Europa und erleben Sie Ihre unvergessliche Traumreise. Wir k\u00fcmmern uns darum, dass Sie sorgenfrei und ohne Planungsaufwand die sch\u00f6nsten St\u00e4dte und Landschaften der Region erleben und an ausgesuchten Events teilnehmen k\u00f6nnen\",\"publisher\":{\"@id\":\"https:\\\/\\\/manda-motorhome-tours.com\\\/#organization\"},\"potentialAction\":[{\"@type\":\"SearchAction\",\"target\":{\"@type\":\"EntryPoint\",\"urlTemplate\":\"https:\\\/\\\/manda-motorhome-tours.com\\\/?s={search_term_string}\"},\"query-input\":{\"@type\":\"PropertyValueSpecification\",\"valueRequired\":true,\"valueName\":\"search_term_string\"}}],\"inLanguage\":\"de\"},{\"@type\":\"Organization\",\"@id\":\"https:\\\/\\\/manda-motorhome-tours.com\\\/#organization\",\"name\":\"MandA Tours - Gef\u00fchrte Wohnmobil Reisen\",\"url\":\"https:\\\/\\\/manda-motorhome-tours.com\\\/\",\"logo\":{\"@type\":\"ImageObject\",\"inLanguage\":\"de\",\"@id\":\"https:\\\/\\\/manda-motorhome-tours.com\\\/#\\\/schema\\\/logo\\\/image\\\/\",\"url\":\"https:\\\/\\\/i0.wp.com\\\/manda-motorhome-tours.com\\\/wp-content\\\/uploads\\\/2019\\\/11\\\/MT_Logo_ohneClaim_3-18.jpg?fit=1593%2C655&ssl=1\",\"contentUrl\":\"https:\\\/\\\/i0.wp.com\\\/manda-motorhome-tours.com\\\/wp-content\\\/uploads\\\/2019\\\/11\\\/MT_Logo_ohneClaim_3-18.jpg?fit=1593%2C655&ssl=1\",\"width\":1593,\"height\":655,\"caption\":\"MandA Tours - Gef\u00fchrte Wohnmobil Reisen\"},\"image\":{\"@id\":\"https:\\\/\\\/manda-motorhome-tours.com\\\/#\\\/schema\\\/logo\\\/image\\\/\"},\"sameAs\":[\"https:\\\/\\\/www.facebook.com\\\/MandAMotorhomeTours\\\/\"]},{\"@type\":\"Person\",\"@id\":\"https:\\\/\\\/manda-motorhome-tours.com\\\/#\\\/schema\\\/person\\\/b6a90b75b0b836bbae1c25b489d16a72\",\"name\":\"admin\",\"image\":{\"@type\":\"ImageObject\",\"inLanguage\":\"de\",\"@id\":\"https:\\\/\\\/secure.gravatar.com\\\/avatar\\\/d0605a261bfb8b3da40511ca8cae92d2cb69ae46d427d792f2f3052ac515f1c2?s=96&d=mm&r=g\",\"url\":\"https:\\\/\\\/secure.gravatar.com\\\/avatar\\\/d0605a261bfb8b3da40511ca8cae92d2cb69ae46d427d792f2f3052ac515f1c2?s=96&d=mm&r=g\",\"contentUrl\":\"https:\\\/\\\/secure.gravatar.com\\\/avatar\\\/d0605a261bfb8b3da40511ca8cae92d2cb69ae46d427d792f2f3052ac515f1c2?s=96&d=mm&r=g\",\"caption\":\"admin\"},\"url\":\"https:\\\/\\\/manda-motorhome-tours.com\\\/de\\\/author\\\/admin\\\/\"}]}<\/script>\n<!-- \/ Yoast SEO plugin. -->","yoast_head_json":{"title":"Less than a week to go to The Western Motorhome Show in Malvern - MandA Tours - Gef\u00fchrte Wohnmobil Reisen","robots":{"index":"index","follow":"follow","max-snippet":"max-snippet:-1","max-image-preview":"max-image-preview:large","max-video-preview":"max-video-preview:-1"},"canonical":"https:\/\/manda-motorhome-tours.com\/de\/2018\/08\/11\/less-than-a-week-to-go-to-the-western-motorhome-show-in-malvern\/","og_locale":"de_DE","og_type":"article","og_title":"Less than a week to go to The Western Motorhome Show in Malvern - MandA Tours - Gef\u00fchrte Wohnmobil Reisen","og_url":"https:\/\/manda-motorhome-tours.com\/de\/2018\/08\/11\/less-than-a-week-to-go-to-the-western-motorhome-show-in-malvern\/","og_site_name":"MandA Tours - Gef\u00fchrte Wohnmobil Reisen","article_publisher":"https:\/\/www.facebook.com\/MandAMotorhomeTours\/","article_published_time":"2018-08-11T06:53:59+00:00","article_modified_time":"2018-08-11T06:55:53+00:00","og_image":[{"width":2048,"height":1804,"url":"https:\/\/i0.wp.com\/manda-motorhome-tours.com\/wp-content\/uploads\/2017\/12\/MALVERN-2018-Come-See-us-at-stand-number.jpg?fit=2048%2C1804&ssl=1","type":"image\/jpeg"}],"author":"admin","twitter_card":"summary_large_image","twitter_misc":{"Verfasst von":"admin","Gesch\u00e4tzte Lesezeit":"2\u00a0Minuten"},"schema":{"@context":"https:\/\/schema.org","@graph":[{"@type":"Article","@id":"https:\/\/manda-motorhome-tours.com\/de\/2018\/08\/11\/less-than-a-week-to-go-to-the-western-motorhome-show-in-malvern\/#article","isPartOf":{"@id":"https:\/\/manda-motorhome-tours.com\/de\/2018\/08\/11\/less-than-a-week-to-go-to-the-western-motorhome-show-in-malvern\/"},"author":{"name":"admin","@id":"https:\/\/manda-motorhome-tours.com\/#\/schema\/person\/b6a90b75b0b836bbae1c25b489d16a72"},"headline":"Less than a week to go to The Western Motorhome Show in Malvern","datePublished":"2018-08-11T06:53:59+00:00","dateModified":"2018-08-11T06:55:53+00:00","mainEntityOfPage":{"@id":"https:\/\/manda-motorhome-tours.com\/de\/2018\/08\/11\/less-than-a-week-to-go-to-the-western-motorhome-show-in-malvern\/"},"wordCount":447,"publisher":{"@id":"https:\/\/manda-motorhome-tours.com\/#organization"},"image":{"@id":"https:\/\/manda-motorhome-tours.com\/de\/2018\/08\/11\/less-than-a-week-to-go-to-the-western-motorhome-show-in-malvern\/#primaryimage"},"thumbnailUrl":"https:\/\/i0.wp.com\/manda-motorhome-tours.com\/wp-content\/uploads\/2017\/12\/MALVERN-2018-Come-See-us-at-stand-number.jpg?fit=2048%2C1804&ssl=1","keywords":["Accompanied Motorhome Tours","Begleitete Wohnmobilreisen","Breathtaking Black Forest Escorted Motorhome Tour","Escorted motorhome tours","Europe's Best Christmas Markets","European Motorhome Tours","Gef\u00fchrte Wohnmobilreisen","Majestic Rhine &amp; Moselle Rivers","MandA Tours","Motorhome Show","Newsletter","Touring Europe with your camper van","Touring Europe with your motorhome","Touring Germany with your camper van","Touring Germany with your Motorhome","Touring Italy with your camper van","Touring Italy with your Motorhome"],"articleSection":["Motorhome Shows","Breathtaking Black Forest","Europe's Best Christmas Markets","Impressive Italian Lakes and Cities","Newsletter"],"inLanguage":"de"},{"@type":"WebPage","@id":"https:\/\/manda-motorhome-tours.com\/de\/2018\/08\/11\/less-than-a-week-to-go-to-the-western-motorhome-show-in-malvern\/","url":"https:\/\/manda-motorhome-tours.com\/de\/2018\/08\/11\/less-than-a-week-to-go-to-the-western-motorhome-show-in-malvern\/","name":"Less than a week to go to The Western Motorhome Show in Malvern - MandA Tours - Gef\u00fchrte Wohnmobil Reisen","isPartOf":{"@id":"https:\/\/manda-motorhome-tours.com\/#website"},"primaryImageOfPage":{"@id":"https:\/\/manda-motorhome-tours.com\/de\/2018\/08\/11\/less-than-a-week-to-go-to-the-western-motorhome-show-in-malvern\/#primaryimage"},"image":{"@id":"https:\/\/manda-motorhome-tours.com\/de\/2018\/08\/11\/less-than-a-week-to-go-to-the-western-motorhome-show-in-malvern\/#primaryimage"},"thumbnailUrl":"https:\/\/i0.wp.com\/manda-motorhome-tours.com\/wp-content\/uploads\/2017\/12\/MALVERN-2018-Come-See-us-at-stand-number.jpg?fit=2048%2C1804&ssl=1","datePublished":"2018-08-11T06:53:59+00:00","dateModified":"2018-08-11T06:55:53+00:00","breadcrumb":{"@id":"https:\/\/manda-motorhome-tours.com\/de\/2018\/08\/11\/less-than-a-week-to-go-to-the-western-motorhome-show-in-malvern\/#breadcrumb"},"inLanguage":"de","potentialAction":[{"@type":"ReadAction","target":["https:\/\/manda-motorhome-tours.com\/de\/2018\/08\/11\/less-than-a-week-to-go-to-the-western-motorhome-show-in-malvern\/"]}]},{"@type":"ImageObject","inLanguage":"de","@id":"https:\/\/manda-motorhome-tours.com\/de\/2018\/08\/11\/less-than-a-week-to-go-to-the-western-motorhome-show-in-malvern\/#primaryimage","url":"https:\/\/i0.wp.com\/manda-motorhome-tours.com\/wp-content\/uploads\/2017\/12\/MALVERN-2018-Come-See-us-at-stand-number.jpg?fit=2048%2C1804&ssl=1","contentUrl":"https:\/\/i0.wp.com\/manda-motorhome-tours.com\/wp-content\/uploads\/2017\/12\/MALVERN-2018-Come-See-us-at-stand-number.jpg?fit=2048%2C1804&ssl=1","width":2048,"height":1804,"caption":"Visit our stand at the Western Motorhome Show in Malvern 17th-19th August 2018"},{"@type":"BreadcrumbList","@id":"https:\/\/manda-motorhome-tours.com\/de\/2018\/08\/11\/less-than-a-week-to-go-to-the-western-motorhome-show-in-malvern\/#breadcrumb","itemListElement":[{"@type":"ListItem","position":1,"name":"Home","item":"https:\/\/manda-motorhome-tours.com\/"},{"@type":"ListItem","position":2,"name":"Less than a week to go to The Western Motorhome Show in Malvern"}]},{"@type":"WebSite","@id":"https:\/\/manda-motorhome-tours.com\/#website","url":"https:\/\/manda-motorhome-tours.com\/","name":"MandA Tours - Gef\u00fchrte Wohnmobil Reisen","description":"MandA Tours bietet gef\u00fchrte Wohnmobilreisen zu ausgew\u00e4hlten Zielen innerhalb Europas an. Reisen Sie mit uns in die malerischsten Gegenden von Europa und erleben Sie Ihre unvergessliche Traumreise. Wir k\u00fcmmern uns darum, dass Sie sorgenfrei und ohne Planungsaufwand die sch\u00f6nsten St\u00e4dte und Landschaften der Region erleben und an ausgesuchten Events teilnehmen k\u00f6nnen","publisher":{"@id":"https:\/\/manda-motorhome-tours.com\/#organization"},"potentialAction":[{"@type":"SearchAction","target":{"@type":"EntryPoint","urlTemplate":"https:\/\/manda-motorhome-tours.com\/?s={search_term_string}"},"query-input":{"@type":"PropertyValueSpecification","valueRequired":true,"valueName":"search_term_string"}}],"inLanguage":"de"},{"@type":"Organization","@id":"https:\/\/manda-motorhome-tours.com\/#organization","name":"MandA Tours - Gef\u00fchrte Wohnmobil Reisen","url":"https:\/\/manda-motorhome-tours.com\/","logo":{"@type":"ImageObject","inLanguage":"de","@id":"https:\/\/manda-motorhome-tours.com\/#\/schema\/logo\/image\/","url":"https:\/\/i0.wp.com\/manda-motorhome-tours.com\/wp-content\/uploads\/2019\/11\/MT_Logo_ohneClaim_3-18.jpg?fit=1593%2C655&ssl=1","contentUrl":"https:\/\/i0.wp.com\/manda-motorhome-tours.com\/wp-content\/uploads\/2019\/11\/MT_Logo_ohneClaim_3-18.jpg?fit=1593%2C655&ssl=1","width":1593,"height":655,"caption":"MandA Tours - Gef\u00fchrte Wohnmobil Reisen"},"image":{"@id":"https:\/\/manda-motorhome-tours.com\/#\/schema\/logo\/image\/"},"sameAs":["https:\/\/www.facebook.com\/MandAMotorhomeTours\/"]},{"@type":"Person","@id":"https:\/\/manda-motorhome-tours.com\/#\/schema\/person\/b6a90b75b0b836bbae1c25b489d16a72","name":"admin","image":{"@type":"ImageObject","inLanguage":"de","@id":"https:\/\/secure.gravatar.com\/avatar\/d0605a261bfb8b3da40511ca8cae92d2cb69ae46d427d792f2f3052ac515f1c2?s=96&d=mm&r=g","url":"https:\/\/secure.gravatar.com\/avatar\/d0605a261bfb8b3da40511ca8cae92d2cb69ae46d427d792f2f3052ac515f1c2?s=96&d=mm&r=g","contentUrl":"https:\/\/secure.gravatar.com\/avatar\/d0605a261bfb8b3da40511ca8cae92d2cb69ae46d427d792f2f3052ac515f1c2?s=96&d=mm&r=g","caption":"admin"},"url":"https:\/\/manda-motorhome-tours.com\/de\/author\/admin\/"}]}},"jetpack_publicize_connections":[],"jetpack_featured_media_url":"https:\/\/i0.wp.com\/manda-motorhome-tours.com\/wp-content\/uploads\/2017\/12\/MALVERN-2018-Come-See-us-at-stand-number.jpg?fit=2048%2C1804&ssl=1","jetpack_shortlink":"https:\/\/wp.me\/p7FFB3-1RM","jetpack-related-posts":[{"id":8369,"url":"https:\/\/manda-motorhome-tours.com\/de\/2018\/10\/13\/motorhome-caravan-show-2018-to-start-next-week\/","url_meta":{"origin":7178,"position":0},"title":"Motorhome &#038; Caravan Show 2018 to start next week","author":"admin","date":"13. Oktober 2018","format":false,"excerpt":"Next Tuesday\u00a0the Motorhome & Caravan Show starts at the NEC in Birmingham. If you would like to meet us personally to find out more about our 2019 escorted motorhome tours, you can find us in Hall 9 Stand 32b and we will be happy to answer all your questions. In\u2026","rel":"","context":"In &quot;Motorhome Shows&quot;","block_context":{"text":"Motorhome Shows","link":"https:\/\/manda-motorhome-tours.com\/de\/category\/motorhome-shows\/"},"img":{"alt_text":"Stand at the Motorhome & Caravan Show 2017","src":"https:\/\/i0.wp.com\/manda-motorhome-tours.com\/wp-content\/uploads\/2017\/10\/A8937E20-22ED-4AF2-AE00-E25E3947D598.jpeg?fit=1200%2C900&ssl=1&resize=350%2C200","width":350,"height":200,"srcset":"https:\/\/i0.wp.com\/manda-motorhome-tours.com\/wp-content\/uploads\/2017\/10\/A8937E20-22ED-4AF2-AE00-E25E3947D598.jpeg?fit=1200%2C900&ssl=1&resize=350%2C200 1x, https:\/\/i0.wp.com\/manda-motorhome-tours.com\/wp-content\/uploads\/2017\/10\/A8937E20-22ED-4AF2-AE00-E25E3947D598.jpeg?fit=1200%2C900&ssl=1&resize=525%2C300 1.5x, https:\/\/i0.wp.com\/manda-motorhome-tours.com\/wp-content\/uploads\/2017\/10\/A8937E20-22ED-4AF2-AE00-E25E3947D598.jpeg?fit=1200%2C900&ssl=1&resize=700%2C400 2x, https:\/\/i0.wp.com\/manda-motorhome-tours.com\/wp-content\/uploads\/2017\/10\/A8937E20-22ED-4AF2-AE00-E25E3947D598.jpeg?fit=1200%2C900&ssl=1&resize=1050%2C600 3x"},"classes":[]},{"id":6526,"url":"https:\/\/manda-motorhome-tours.com\/de\/2018\/07\/01\/touring-programme-2019-open-for-booking\/","url_meta":{"origin":7178,"position":1},"title":"Touring programme 2019 open for booking","author":"admin","date":"1. Juli 2018","format":false,"excerpt":"As every year the last tour before the summer break and the Western Motorhome Show in Malvern, which takes place from 17th \u2013 19th August, is our \u201cMajestic Rhine & Moselle Rivers\u201d tour. This is our most popular tour and this year it was fully booked very early. If you\u2026","rel":"","context":"In &quot;Allgemein&quot;","block_context":{"text":"Allgemein","link":"https:\/\/manda-motorhome-tours.com\/de\/category\/allgemein\/"},"img":{"alt_text":"","src":"https:\/\/i0.wp.com\/manda-motorhome-tours.com\/wp-content\/uploads\/2018\/06\/Tour-Flyer-Bastei-Bridge.jpg?fit=1200%2C800&ssl=1&resize=350%2C200","width":350,"height":200,"srcset":"https:\/\/i0.wp.com\/manda-motorhome-tours.com\/wp-content\/uploads\/2018\/06\/Tour-Flyer-Bastei-Bridge.jpg?fit=1200%2C800&ssl=1&resize=350%2C200 1x, https:\/\/i0.wp.com\/manda-motorhome-tours.com\/wp-content\/uploads\/2018\/06\/Tour-Flyer-Bastei-Bridge.jpg?fit=1200%2C800&ssl=1&resize=525%2C300 1.5x, https:\/\/i0.wp.com\/manda-motorhome-tours.com\/wp-content\/uploads\/2018\/06\/Tour-Flyer-Bastei-Bridge.jpg?fit=1200%2C800&ssl=1&resize=700%2C400 2x, https:\/\/i0.wp.com\/manda-motorhome-tours.com\/wp-content\/uploads\/2018\/06\/Tour-Flyer-Bastei-Bridge.jpg?fit=1200%2C800&ssl=1&resize=1050%2C600 3x"},"classes":[]},{"id":243783,"url":"https:\/\/manda-motorhome-tours.com\/de\/2024\/08\/02\/customer-review-paula-david-majestic-rhine-moselle-rivers-2024\/","url_meta":{"origin":7178,"position":2},"title":"Customer review Paula &#038; David, Majestic Rhine &#038; Moselle Rivers 2024","author":"admin","date":"2. August 2024","format":false,"excerpt":"\u00a0 Well, what can we say? Audrey and Michael were superb, as was the tour itself! The 'Majestic Rhine and Moselle Rivers' tour was brilliantly researched with excellent itinerary booklets detailing information on the campsites, the routes, points of interest to see en-route and at each destination. As this was\u2026","rel":"","context":"In &quot;Allgemein&quot;","block_context":{"text":"Allgemein","link":"https:\/\/manda-motorhome-tours.com\/de\/category\/allgemein\/"},"img":{"alt_text":"Paula & David, Majestic Rhine & Moselle Rivers 2024","src":"https:\/\/i0.wp.com\/manda-motorhome-tours.com\/wp-content\/uploads\/2024\/07\/IMG_1699.jpeg?fit=1200%2C900&ssl=1&resize=350%2C200","width":350,"height":200,"srcset":"https:\/\/i0.wp.com\/manda-motorhome-tours.com\/wp-content\/uploads\/2024\/07\/IMG_1699.jpeg?fit=1200%2C900&ssl=1&resize=350%2C200 1x, https:\/\/i0.wp.com\/manda-motorhome-tours.com\/wp-content\/uploads\/2024\/07\/IMG_1699.jpeg?fit=1200%2C900&ssl=1&resize=525%2C300 1.5x, https:\/\/i0.wp.com\/manda-motorhome-tours.com\/wp-content\/uploads\/2024\/07\/IMG_1699.jpeg?fit=1200%2C900&ssl=1&resize=700%2C400 2x, https:\/\/i0.wp.com\/manda-motorhome-tours.com\/wp-content\/uploads\/2024\/07\/IMG_1699.jpeg?fit=1200%2C900&ssl=1&resize=1050%2C600 3x"},"classes":[]},{"id":243695,"url":"https:\/\/manda-motorhome-tours.com\/de\/2024\/04\/30\/customer-review-alan-jane-exciting-eastern-germany-2024\/","url_meta":{"origin":7178,"position":3},"title":"Customer review Alan &#038; Jane: Exciting Eastern Germany 2024","author":"admin","date":"30. April 2024","format":false,"excerpt":"Another excellent tour with friendly people. Highlights included Dresden, Colditz castle, the punting trip and a fabulous wine tasting evening. Extra time at Colditz would have been great, but not at the expense of any other places on the tour. Looking at Northern Spain for our next tour.","rel":"","context":"In &quot;Allgemein&quot;","block_context":{"text":"Allgemein","link":"https:\/\/manda-motorhome-tours.com\/de\/category\/allgemein\/"},"img":{"alt_text":"Alan and Jane Exciting Eastern Germany 2024","src":"https:\/\/i0.wp.com\/manda-motorhome-tours.com\/wp-content\/uploads\/2024\/04\/IMG_0202-e1714491068578.jpeg?fit=1200%2C800&ssl=1&resize=350%2C200","width":350,"height":200,"srcset":"https:\/\/i0.wp.com\/manda-motorhome-tours.com\/wp-content\/uploads\/2024\/04\/IMG_0202-e1714491068578.jpeg?fit=1200%2C800&ssl=1&resize=350%2C200 1x, https:\/\/i0.wp.com\/manda-motorhome-tours.com\/wp-content\/uploads\/2024\/04\/IMG_0202-e1714491068578.jpeg?fit=1200%2C800&ssl=1&resize=525%2C300 1.5x, https:\/\/i0.wp.com\/manda-motorhome-tours.com\/wp-content\/uploads\/2024\/04\/IMG_0202-e1714491068578.jpeg?fit=1200%2C800&ssl=1&resize=700%2C400 2x, https:\/\/i0.wp.com\/manda-motorhome-tours.com\/wp-content\/uploads\/2024\/04\/IMG_0202-e1714491068578.jpeg?fit=1200%2C800&ssl=1&resize=1050%2C600 3x"},"classes":[]},{"id":5665,"url":"https:\/\/manda-motorhome-tours.com\/de\/2017\/12\/13\/readers-letter-breathtaking-easy-black-forest-tour-rented-motorhome\/","url_meta":{"origin":7178,"position":4},"title":"Readers Letter \u201cBreathtaking and easy\u201d Black Forest tour with a rented motorhome","author":"admin","date":"13. Dezember 2017","format":false,"excerpt":"Readers Letter \u201cBreathtaking and easy\u201d Black Forest tour with a rented motorhome If you are a regular reader of the MMM magazine, you might have already seen that the magazine published a readers letter from one of our customers on page 18 of the January 2018 issue entitled \u201cBreathtaking and\u2026","rel":"","context":"In &quot;Breathtaking Black Forest&quot;","block_context":{"text":"Breathtaking Black Forest","link":"https:\/\/manda-motorhome-tours.com\/de\/category\/on-tour\/breathtaking-black-forest\/"},"img":{"alt_text":"1. world largest cuckoo clock","src":"https:\/\/i0.wp.com\/manda-motorhome-tours.com\/wp-content\/uploads\/2017\/12\/Weltgr%C3%B6sste-Kuckucksuhr.jpg?fit=1200%2C890&ssl=1&resize=350%2C200","width":350,"height":200,"srcset":"https:\/\/i0.wp.com\/manda-motorhome-tours.com\/wp-content\/uploads\/2017\/12\/Weltgr%C3%B6sste-Kuckucksuhr.jpg?fit=1200%2C890&ssl=1&resize=350%2C200 1x, https:\/\/i0.wp.com\/manda-motorhome-tours.com\/wp-content\/uploads\/2017\/12\/Weltgr%C3%B6sste-Kuckucksuhr.jpg?fit=1200%2C890&ssl=1&resize=525%2C300 1.5x, https:\/\/i0.wp.com\/manda-motorhome-tours.com\/wp-content\/uploads\/2017\/12\/Weltgr%C3%B6sste-Kuckucksuhr.jpg?fit=1200%2C890&ssl=1&resize=700%2C400 2x, https:\/\/i0.wp.com\/manda-motorhome-tours.com\/wp-content\/uploads\/2017\/12\/Weltgr%C3%B6sste-Kuckucksuhr.jpg?fit=1200%2C890&ssl=1&resize=1050%2C600 3x"},"classes":[]},{"id":243127,"url":"https:\/\/manda-motorhome-tours.com\/de\/2023\/03\/06\/river-cruise-during-rhine-in-flames-fireworks-2023\/","url_meta":{"origin":7178,"position":5},"title":"River Cruise during Rhine in Flames Fireworks 2023","author":"admin","date":"6. M\u00e4rz 2023","format":false,"excerpt":"\u00a0 It is now only 6 weeks until the first tour of this year begins, and we are really looking forward to travelling to Holland again and to all the other tour destinations during the course of the year. This year on our \u201cSpringtime in Holland\u201d tour we only have\u2026","rel":"","context":"In &quot;Allgemein&quot;","block_context":{"text":"Allgemein","link":"https:\/\/manda-motorhome-tours.com\/de\/category\/allgemein\/"},"img":{"alt_text":"Rhine in Flames fireworks 2016","src":"https:\/\/i0.wp.com\/manda-motorhome-tours.com\/wp-content\/uploads\/2016\/11\/Rhine-in-Flames-2016.jpg?fit=1200%2C675&ssl=1&resize=350%2C200","width":350,"height":200,"srcset":"https:\/\/i0.wp.com\/manda-motorhome-tours.com\/wp-content\/uploads\/2016\/11\/Rhine-in-Flames-2016.jpg?fit=1200%2C675&ssl=1&resize=350%2C200 1x, https:\/\/i0.wp.com\/manda-motorhome-tours.com\/wp-content\/uploads\/2016\/11\/Rhine-in-Flames-2016.jpg?fit=1200%2C675&ssl=1&resize=525%2C300 1.5x, https:\/\/i0.wp.com\/manda-motorhome-tours.com\/wp-content\/uploads\/2016\/11\/Rhine-in-Flames-2016.jpg?fit=1200%2C675&ssl=1&resize=700%2C400 2x, https:\/\/i0.wp.com\/manda-motorhome-tours.com\/wp-content\/uploads\/2016\/11\/Rhine-in-Flames-2016.jpg?fit=1200%2C675&ssl=1&resize=1050%2C600 3x"},"classes":[]}],"jetpack_sharing_enabled":true,"_links":{"self":[{"href":"https:\/\/manda-motorhome-tours.com\/de\/wp-json\/wp\/v2\/posts\/7178","targetHints":{"allow":["GET"]}}],"collection":[{"href":"https:\/\/manda-motorhome-tours.com\/de\/wp-json\/wp\/v2\/posts"}],"about":[{"href":"https:\/\/manda-motorhome-tours.com\/de\/wp-json\/wp\/v2\/types\/post"}],"author":[{"embeddable":true,"href":"https:\/\/manda-motorhome-tours.com\/de\/wp-json\/wp\/v2\/users\/1"}],"replies":[{"embeddable":true,"href":"https:\/\/manda-motorhome-tours.com\/de\/wp-json\/wp\/v2\/comments?post=7178"}],"version-history":[{"count":6,"href":"https:\/\/manda-motorhome-tours.com\/de\/wp-json\/wp\/v2\/posts\/7178\/revisions"}],"predecessor-version":[{"id":7524,"href":"https:\/\/manda-motorhome-tours.com\/de\/wp-json\/wp\/v2\/posts\/7178\/revisions\/7524"}],"wp:featuredmedia":[{"embeddable":true,"href":"https:\/\/manda-motorhome-tours.com\/de\/wp-json\/wp\/v2\/media\/5656"}],"wp:attachment":[{"href":"https:\/\/manda-motorhome-tours.com\/de\/wp-json\/wp\/v2\/media?parent=7178"}],"wp:term":[{"taxonomy":"category","embeddable":true,"href":"https:\/\/manda-motorhome-tours.com\/de\/wp-json\/wp\/v2\/categories?post=7178"},{"taxonomy":"post_tag","embeddable":true,"href":"https:\/\/manda-motorhome-tours.com\/de\/wp-json\/wp\/v2\/tags?post=7178"}],"curies":[{"name":"wp","href":"https:\/\/api.w.org\/{rel}","templated":true}]}}